{"id":183,"date":"2022-01-28T14:36:39","date_gmt":"2022-01-28T14:36:39","guid":{"rendered":"http:\/\/sindadm.com.br\/?p=183"},"modified":"2022-03-07T18:13:28","modified_gmt":"2022-03-07T18:13:28","slug":"finalizada-a-campanha-salarial-de-2018-2019-interior","status":"publish","type":"post","link":"http:\/\/sindadm.com.br\/?p=183","title":{"rendered":"FINALIZADA A CAMPANHA SALARIAL DE 2021\/2022 \u2013 INTERIOR"},"content":{"rendered":"\n<p><strong>1 \u2013 Vig\u00eancia 01\/11\/2021 a 31\/10\/2022<\/strong><\/p>\n\n\n\n<p><strong>2 \u2013 PISO NORMATIVO<\/strong><br>A partir de 01 de novembro de 2021 fica assegurado aos empregados abrangidos pela presente conven\u00e7\u00e3o, um<br>piso normativo, a vigorar por 12 meses, para jornada de 220 horas no valor de:<\/p>\n\n\n\n<ol class=\"wp-block-list\"><li>R$ 1.183,34 (hum mil, cento e oitenta e tr\u00eas reais e trinta e quatro centavos), exce\u00e7\u00e3o feita ao \u00a71\u00b0<br>desta cl\u00e1usula, valor somente exig\u00edvel a partir de 01 de janeiro de 2022.<\/li><li>R$ 1.230,68 (hum mil, duzentos e trinta reais e sessenta e oito centavos), exce\u00e7\u00e3o feita ao \u00a71\u00b0 desta<br>cl\u00e1usula, valor somente exig\u00edvel a partir de 01 de abril de 2022.<\/li><\/ol>\n\n\n\n<p><strong>3 &#8211; REAJUSTE SALARIAL<\/strong><br>A partir de 01 de novembro de 2021, os sal\u00e1rios dos empregados abrangidos pela presente Conven\u00e7\u00e3o Coletiva<br>de Trabalho ser\u00e3o reajustados de acordo com as condi\u00e7\u00f5es abaixo:<br>\u00a7 1\u00ba &#8211; Sobre os sal\u00e1rios reajustados em 01 de abril de 2021, aplicar-se-\u00e1 um \u00edndice de 4,0 % (quatro por cento),<br>exig\u00edveis somente a partir de 01 de janeiro de 2022.<br>Sobre os sal\u00e1rios reajustados em 01 de janeiro de 2022, aplicar-se-\u00e1 um \u00edndice de 4,0 % (quatro por<br>cento), exig\u00edveis somente a partir de 01 de abril de 2022.<\/p>\n\n\n\n<p><strong>4 \u2013 PLR<\/strong><br>No valor de 650,00 em duas parcelas iguais de 325,00 a serem pagas no m\u00eas de junho de 2022 e agosto de 2022<br><\/p>\n\n\n\n<p><strong>&nbsp; Lembramos aos profissionais da categoria sobre a import\u00e2ncia&nbsp; de que todos os trabalhadores contribuam e participem da vida sindical, para o fortalecimento da categoria em suas reivindica\u00e7\u00f5es e para tanto solicitamos aos profissionais das empresas desta categoria que fa\u00e7am a op\u00e7\u00e3o pela contribui\u00e7\u00e3o Assistencial bastando para isso n\u00e3o fazer a oposi\u00e7\u00e3o ao desconto para que possamos dar continuidade a nossa luta junto aos empregadores.<\/strong><\/p>\n","protected":false},"excerpt":{"rendered":"<p>1 \u2013 Vig\u00eancia 01\/11\/2021 a 31\/10\/2022 2 \u2013 PISO NORMATIVOA partir de 01 de novembro de 2021 fica assegurado aos empregados abrangidos pela presente conven\u00e7\u00e3o, [&#8230;]<\/p>\n","protected":false},"author":1,"featured_media":0,"comment_status":"closed","ping_status":"closed","sticky":false,"template":"","format":"standard","meta":{"footnotes":""},"categories":[1],"tags":[],"class_list":["post-183","post","type-post","status-publish","format-standard","hentry","category-uncategorized"],"_links":{"self":[{"href":"http:\/\/sindadm.com.br\/index.php?rest_route=\/wp\/v2\/posts\/183","targetHints":{"allow":["GET"]}}],"collection":[{"href":"http:\/\/sindadm.com.br\/index.php?rest_route=\/wp\/v2\/posts"}],"about":[{"href":"http:\/\/sindadm.com.br\/index.php?rest_route=\/wp\/v2\/types\/post"}],"author":[{"embeddable":true,"href":"http:\/\/sindadm.com.br\/index.php?rest_route=\/wp\/v2\/users\/1"}],"replies":[{"embeddable":true,"href":"http:\/\/sindadm.com.br\/index.php?rest_route=%2Fwp%2Fv2%2Fcomments&post=183"}],"version-history":[{"count":3,"href":"http:\/\/sindadm.com.br\/index.php?rest_route=\/wp\/v2\/posts\/183\/revisions"}],"predecessor-version":[{"id":438,"href":"http:\/\/sindadm.com.br\/index.php?rest_route=\/wp\/v2\/posts\/183\/revisions\/438"}],"wp:attachment":[{"href":"http:\/\/sindadm.com.br\/index.php?rest_route=%2Fwp%2Fv2%2Fmedia&parent=183"}],"wp:term":[{"taxonomy":"category","embeddable":true,"href":"http:\/\/sindadm.com.br\/index.php?rest_route=%2Fwp%2Fv2%2Fcategories&post=183"},{"taxonomy":"post_tag","embeddable":true,"href":"http:\/\/sindadm.com.br\/index.php?rest_route=%2Fwp%2Fv2%2Ftags&post=183"}],"curies":[{"name":"wp","href":"https:\/\/api.w.org\/{rel}","templated":true}]}}