{"id":242,"date":"2019-09-09T17:07:54","date_gmt":"2019-09-09T17:07:54","guid":{"rendered":"http:\/\/sindadm.com.br\/?p=242"},"modified":"2019-09-09T17:07:54","modified_gmt":"2019-09-09T17:07:54","slug":"da-contribuicao-assistencial-para-o-sindicato","status":"publish","type":"post","link":"http:\/\/sindadm.com.br\/?p=242","title":{"rendered":"DA CONTRIBUI\u00c7\u00c3O ASSISTENCIAL PARA O SINDICATO"},"content":{"rendered":"\n<p>O\nSindicato atua em defesa do trabalhador, buscando garantir que seus direitos\nsejam respeitados.<\/p>\n\n\n\n<p>Todos\nos anos, travam dura batalha com os empregadores, que resistem contra um\nreajuste que seja digno e possa recompensar a lealdade do trabalhador, n\u00e3o\nconcordam em conceder sequer a infla\u00e7\u00e3o divulgada pelo Governo e que bem o\nsabemos n\u00e3o representa a realidade. Ainda assim, conseguimos fechar um acordo\npara que ningu\u00e9m fique com seu sal\u00e1rio congelado. GRA\u00c7AS AO TRABALHO E SEU\nSINDICATO.<\/p>\n\n\n\n<p>Recentemente,\nNo caso da Recupera\u00e7\u00e3o Judicial da Editora Abril, nossa assist\u00eancia foi\nessencial para que os trabalhadores que tinham cr\u00e9ditos e que foram inclu\u00eddos\nna R.J. recebessem 70% de seus direitos e que receber\u00e3o at\u00e9 16 de fevereiro de\n2020(16\/02\/2020), quando a previs\u00e3o legal era de se iniciar o pagamento ap\u00f3s a\nhomologa\u00e7\u00e3o do plano de recupera\u00e7\u00e3o, ainda pendente de transito em julgado e\nainda, em 12 parcelas. Portanto foi muito importante a interven\u00e7\u00e3o do Sindicato\npara antecipar o pagamento.<\/p>\n\n\n\n<p>Estamos\ndiariamente lutando por cumprimento das Leis Trabalhistas para que os\ntrabalhadores n\u00e3o fiquem a merc\u00ea das vontades e imposi\u00e7\u00f5es dos seus\nempregadores. A nova lei trabalhista j\u00e1 deixou o trabalhador sem guarida pois retirou\ndos sindicatos, a obrigatoriedade de dar assist\u00eancia aos seus representados, coma\nliberalidade de pagamento da contribui\u00e7\u00e3o sindical.<\/p>\n\n\n\n<p>E,\n\u00e9 por isso que \u00e9 muito importante a sua contribui\u00e7\u00e3o assistencial, que \u00e9 1% (um\npor cento) de seus sal\u00e1rios em setembro e 1% (um por cento) de seus sal\u00e1rios em\ndezembro\/2019.<\/p>\n\n\n\n<p><strong>Por exemplo, para o\ntrabalhador que ganha o piso, sua contribui\u00e7\u00e3o assistencial ser\u00e1 de duas\nparcelas de R$11,22 (uma em setembro e outra em dezembro\/19)<\/strong><\/p>\n\n\n\n<p><strong>Para quem ganha R$\n10.000,00 ou acima disso, contribuir\u00e1 com duas parcelas de R$ 100,00 (uma em\nsetembro e outra em dezembro\/19).<\/strong><\/p>\n\n\n\n<p><strong>Com essa pequena\ncontribui\u00e7\u00e3o, voc\u00ea ter\u00e1 assist\u00eancia do sindicato, sempre que precisar.<\/strong><\/p>\n\n\n\n<p>Caso\nvoc\u00ea n\u00e3o tenha interesse em contribuir, ter\u00e1 o prazo de 03 (tr\u00eas) a 12 (doze) de\nsetembro para fazer sua oposi\u00e7\u00e3o. Comparecendo na sede do Sindicato, das 9\n(nove) as 12 (doze) horas e de 13(treze) as 15 (quinze) horas, levando uma\ncarta em 2 vias escrita de pr\u00f3prio punho e contendo sua qualifica\u00e7\u00e3o ( nome ,\nCPF, CTPS) nome da empresa em que trabalha, dizendo que se op\u00f5e ao desconto da\ncontribui\u00e7\u00e3o assistencial e que declara <strong>estar\nciente de que abre m\u00e3o de toda e qualquer assist\u00eancia dada pelo sindicato.<\/strong><\/p>\n\n\n\n<p><strong>Seja consciente.\nContribua. &nbsp;<\/strong><\/p>\n\n\n\n<p>&nbsp;&nbsp;&nbsp;&nbsp;&nbsp;&nbsp;&nbsp;&nbsp;&nbsp;&nbsp;&nbsp;&nbsp;&nbsp;&nbsp;&nbsp;&nbsp;&nbsp;&nbsp;&nbsp;&nbsp;&nbsp;&nbsp;&nbsp;&nbsp;&nbsp;&nbsp;&nbsp;&nbsp;&nbsp;&nbsp;&nbsp;&nbsp;&nbsp;&nbsp;&nbsp;&nbsp;&nbsp;&nbsp;&nbsp;&nbsp;&nbsp;&nbsp;&nbsp;&nbsp;&nbsp;&nbsp;&nbsp;&nbsp;&nbsp;&nbsp;&nbsp;&nbsp;&nbsp;&nbsp;&nbsp;&nbsp;&nbsp;&nbsp;&nbsp;&nbsp;&nbsp;&nbsp;&nbsp;&nbsp;&nbsp;&nbsp;&nbsp;&nbsp;&nbsp;&nbsp;&nbsp;&nbsp;&nbsp;&nbsp;\nA DIRETORIA.<\/p>\n","protected":false},"excerpt":{"rendered":"<p>O Sindicato atua em defesa do trabalhador, buscando garantir que seus direitos sejam respeitados. Todos os anos, travam dura batalha com os empregadores, que resistem [&#8230;]<\/p>\n","protected":false},"author":1,"featured_media":0,"comment_status":"closed","ping_status":"closed","sticky":false,"template":"","format":"standard","meta":{"footnotes":""},"categories":[1],"tags":[],"class_list":["post-242","post","type-post","status-publish","format-standard","hentry","category-uncategorized"],"_links":{"self":[{"href":"http:\/\/sindadm.com.br\/index.php?rest_route=\/wp\/v2\/posts\/242","targetHints":{"allow":["GET"]}}],"collection":[{"href":"http:\/\/sindadm.com.br\/index.php?rest_route=\/wp\/v2\/posts"}],"about":[{"href":"http:\/\/sindadm.com.br\/index.php?rest_route=\/wp\/v2\/types\/post"}],"author":[{"embeddable":true,"href":"http:\/\/sindadm.com.br\/index.php?rest_route=\/wp\/v2\/users\/1"}],"replies":[{"embeddable":true,"href":"http:\/\/sindadm.com.br\/index.php?rest_route=%2Fwp%2Fv2%2Fcomments&post=242"}],"version-history":[{"count":1,"href":"http:\/\/sindadm.com.br\/index.php?rest_route=\/wp\/v2\/posts\/242\/revisions"}],"predecessor-version":[{"id":243,"href":"http:\/\/sindadm.com.br\/index.php?rest_route=\/wp\/v2\/posts\/242\/revisions\/243"}],"wp:attachment":[{"href":"http:\/\/sindadm.com.br\/index.php?rest_route=%2Fwp%2Fv2%2Fmedia&parent=242"}],"wp:term":[{"taxonomy":"category","embeddable":true,"href":"http:\/\/sindadm.com.br\/index.php?rest_route=%2Fwp%2Fv2%2Fcategories&post=242"},{"taxonomy":"post_tag","embeddable":true,"href":"http:\/\/sindadm.com.br\/index.php?rest_route=%2Fwp%2Fv2%2Ftags&post=242"}],"curies":[{"name":"wp","href":"https:\/\/api.w.org\/{rel}","templated":true}]}}