{"id":255,"date":"2019-11-05T17:25:40","date_gmt":"2019-11-05T17:25:40","guid":{"rendered":"http:\/\/sindadm.com.br\/?p=255"},"modified":"2019-11-05T17:25:40","modified_gmt":"2019-11-05T17:25:40","slug":"edital-de-convocacao-assembleia-geral-extraordinaria-conjunta-e-especifica","status":"publish","type":"post","link":"http:\/\/sindadm.com.br\/?p=255","title":{"rendered":"EDITAL DE CONVOCA\u00c7\u00c3O ASSEMBLEIA GERAL EXTRAORDIN\u00c1RIA CONJUNTA E ESPECIFICA"},"content":{"rendered":"\n<p>Pelo presente Edital, ficam convocados todos\nos empregados associados ou n\u00e3o, que trabalham no <strong>GRUPO DE COMUNICA\u00c7\u00c3O TR\u00caS\nEDITORIAL LTDA., EDITORA TR\u00caS LTDA, TR\u00caS COM\u00c9RCIO DE PUBLICA\u00c7\u00d5ES LTDA, TR\u00caS\nEDITORAL LTDA.<\/strong> <strong>&nbsp;E OUTRAS A ELAS COLIGADAS<\/strong> que integram a categoria\nprofissional dos trabalhadores representados pelo Sindicato dos Empregados da\nAdministra\u00e7\u00e3o das Empresas Propriet\u00e1rias de Jornais e Revistas de S\u00e3o Paulo , Sindicato\ndos Jornalistas Profissionais no Estado de S\u00e3o Paulo, Sindicato dos Trabalhadores nas Ind\u00fastrias Gr\u00e1ficas, Comunica\u00e7\u00f5es e\nServi\u00e7os Gr\u00e1ficos de S\u00e3o Paulo e Regi\u00e3o, para participarem da Assembl\u00e9ia\nGeral Extraordin\u00e1ria, Conjunta e &nbsp;Especifica, a ser realizada no dia 06 de novembro\nde 2019 ( 06\/11\/2019), ter\u00e7a feira, &nbsp;com\nin\u00edcio \u00e1s 15:00 (quinze) horas, em primeira convoca\u00e7\u00e3o e \u00e0s 16:00 (dezesseis)\nhoras em segunda convoca\u00e7\u00e3o com qualquer n\u00famero de presentes, na Rua Willians\nSpeers, 1212, Lapa de baixo \u2013 SP\/SP, em frente a Editora Tr\u00eas,&nbsp; para todos os empregados administrativos,\njornalistas e gr\u00e1ficos, deliberarem sobre a seguinte ordem do dia: a) Deflagra\u00e7\u00e3o\nde Greve Geral por prazo indeterminado; &nbsp;b) Fixa\u00e7\u00e3o de data para in\u00edcio da paraliza\u00e7\u00e3o\ndas atividades conforme determina a legisla\u00e7\u00e3o pertinente; c) Concess\u00e3o de\npoderes para os &nbsp;Sindicatos instaurar\nDissidio Coletivo de Greve perante o TRT da 2\u00aa Regi\u00e3o, firmar acordo, se for\naprovada qualquer proposta pelos trabalhadores. O presente edital ser\u00e1 levado\nao conhecimento a todos os empregados.&nbsp; <\/p>\n\n\n\n<p>&nbsp;&nbsp; S\u00e3o Paulo, 06 de novembro de 2019.<\/p>\n\n\n\n<p>&nbsp;&nbsp;&nbsp;\nDOMINGOS FONTAN-Presidente do Sind. da Administra\u00e7\u00e3o<\/p>\n\n\n\n<p>&nbsp;&nbsp;&nbsp;\nPAULO MORAES ZOCCHI-Presidente do Sind. dos Jornalistas<\/p>\n\n\n\n<p>&nbsp;&nbsp; &nbsp;ELIZANGELA DE OLIVEIRA-Presidente de Sind. dos\nGr\u00e1ficos&nbsp;&nbsp;&nbsp;&nbsp;&nbsp;&nbsp;&nbsp;&nbsp;&nbsp;&nbsp; <\/p>\n","protected":false},"excerpt":{"rendered":"<p>Pelo presente Edital, ficam convocados todos os empregados associados ou n\u00e3o, que trabalham no GRUPO DE COMUNICA\u00c7\u00c3O TR\u00caS EDITORIAL LTDA., EDITORA TR\u00caS LTDA, TR\u00caS COM\u00c9RCIO [&#8230;]<\/p>\n","protected":false},"author":1,"featured_media":0,"comment_status":"open","ping_status":"open","sticky":false,"template":"","format":"standard","meta":{"footnotes":""},"categories":[1],"tags":[],"class_list":["post-255","post","type-post","status-publish","format-standard","hentry","category-uncategorized"],"_links":{"self":[{"href":"http:\/\/sindadm.com.br\/index.php?rest_route=\/wp\/v2\/posts\/255","targetHints":{"allow":["GET"]}}],"collection":[{"href":"http:\/\/sindadm.com.br\/index.php?rest_route=\/wp\/v2\/posts"}],"about":[{"href":"http:\/\/sindadm.com.br\/index.php?rest_route=\/wp\/v2\/types\/post"}],"author":[{"embeddable":true,"href":"http:\/\/sindadm.com.br\/index.php?rest_route=\/wp\/v2\/users\/1"}],"replies":[{"embeddable":true,"href":"http:\/\/sindadm.com.br\/index.php?rest_route=%2Fwp%2Fv2%2Fcomments&post=255"}],"version-history":[{"count":1,"href":"http:\/\/sindadm.com.br\/index.php?rest_route=\/wp\/v2\/posts\/255\/revisions"}],"predecessor-version":[{"id":256,"href":"http:\/\/sindadm.com.br\/index.php?rest_route=\/wp\/v2\/posts\/255\/revisions\/256"}],"wp:attachment":[{"href":"http:\/\/sindadm.com.br\/index.php?rest_route=%2Fwp%2Fv2%2Fmedia&parent=255"}],"wp:term":[{"taxonomy":"category","embeddable":true,"href":"http:\/\/sindadm.com.br\/index.php?rest_route=%2Fwp%2Fv2%2Fcategories&post=255"},{"taxonomy":"post_tag","embeddable":true,"href":"http:\/\/sindadm.com.br\/index.php?rest_route=%2Fwp%2Fv2%2Ftags&post=255"}],"curies":[{"name":"wp","href":"https:\/\/api.w.org\/{rel}","templated":true}]}}