{"id":314,"date":"2020-09-04T11:13:16","date_gmt":"2020-09-04T11:13:16","guid":{"rendered":"http:\/\/sindadm.com.br\/?p=314"},"modified":"2020-09-21T13:53:12","modified_gmt":"2020-09-21T13:53:12","slug":"edital-de-convocacao","status":"publish","type":"post","link":"http:\/\/sindadm.com.br\/?p=314","title":{"rendered":"EDITAL DE CONVOCA\u00c7\u00c3O ASSEMBLEIA GERAL EXTRAORDIN\u00c1RIA ESPECIFICA"},"content":{"rendered":"\n<p>Presados companheiros,<\/p>\n\n\n\n<p>Segue em anexo, c\u00f3pia da ata da \u00faltima audi\u00eancia no M.P.T.,\npara o conhecimento de todos e o edital de convoca\u00e7\u00e3o para a assembleia geral\nextraordin\u00e1ria e espec\u00edfica dos empregados da Editora Abril, demitidos no\nper\u00edodo de dezembro\/19 a abril\/20.<\/p>\n\n\n\n<p>A empresa prop\u00f5e pagar a todos, a multa de um piso da\ncategoria, que \u00e9 de R$ 1.122,00, em outubro\/20, com desconto de 20%, que resulta\nem R$ 897,60. Os jornalistas j\u00e1 fecharam, os gr\u00e1ficos provavelmente tamb\u00e9m\naceitar\u00e3o.<\/p>\n\n\n\n<p>Esclarecemos que somente os demitidos no m\u00eas de abril\/20,\nfaz jus a multa de R$ 10.000,00, que est\u00e3o propondo pagar R$ 44.000,00 para\ndividir entre os 44 empregados envolvidos, porque entende que teriam de pagar\nsomente a 3 empregados que \u00e9 o n\u00famero que superou o percentual estabelecido no\nacordo descumprido, assim:<\/p>\n\n\n\n<p>I) pagamento do valor\ntotal de R$ 44.000,00, dividido igualmente entre todos os 44 empregados\nvinculados ao Sindicato dos Administrativos que foram dispensados durante o m\u00eas\nde abril de 2020, para quita\u00e7\u00e3o integral da diverg\u00eancia com rela\u00e7\u00e3o ao\ncumprimento da cl\u00e1usula 1\u00aa do acordo judicial celebrado entre as partes no\nprocesso n. 1000446-88.2018.5.02.0061;<\/p>\n\n\n\n<p>II) pagamento do\nvalor equivalente a 80% do piso salarial vigente da categoria para os\nempregados vinculados ao Sindicato dos Administrativos que foram despedidos, no\nper\u00edodo de dezembro de 2019 a abril de 2020 sem que se tenha observado o prazo\nde comunica\u00e7\u00e3o estabelecido na cl\u00e1usula 2\u00aa do acordo judicial celebrado entre\nas partes no processo n. 1000446-88.2018.5.02.0061, nos mesmos moldes da\nproposta formalizada ao Sindicato dos Jornalistas e ao Sindicato dos Gr\u00e1ficos.<\/p>\n\n\n\n<p>Pedimos a avalia\u00e7\u00e3o\nde todos, e que participem da assembleia designada, pois teremos que decidir\npara que na pr\u00f3xima audi\u00eancia encerramos o assunto. Caso n\u00e3o haja concord\u00e2ncia,\no M.P. vai executar o acordo e solicitou que ficasse esclarecido que demanda\ntempo e h\u00e1 o risco da a\u00e7\u00e3o, pois depender\u00e1 de entendimento do Juiz que julgar a\ncausa.<\/p>\n\n\n\n<p><strong><em>CONVOCA\u00c7\u00c3O ASSEMBLEIA GERAL EXTRAORDIN\u00c1RIA ESPECIFICA<\/em><\/strong><\/p>\n\n\n\n<p style=\"text-align:center\">Pelo presente Edital, ficam convocados todos os empregados associados ou n\u00e3o, que foram demitidos de dezembro\/19 a abril\/20, da <strong>ABRIL S\/A \u2013 EDITORA ABRIL \u2013 ABRIL COMUNICA\u00c7\u00d5ES&nbsp; E<\/strong> <strong>EMPRESAS DO GRUPO ABRIL<\/strong>, que integram a categoria profissional dos trabalhadores representados pelo <strong>Sindicato dos Empregados da Administra\u00e7\u00e3o das Empresas Propriet\u00e1rias de Jornais e Revistas de S\u00e3o Paulo<\/strong>, para participarem da Assembleia Geral Extraordin\u00e1ria Especifica, a ser realizada no dia &nbsp;09 de setembro de 2020 (09\/09\/2020 \u2013 quarta feira), com inicio \u00e1s 11:00 (onze) horas, com qualquer n\u00famero de presentes, atrav\u00e9s do <strong>PORTAL ZOOM<\/strong><br><strong>LINK&nbsp; <\/strong> <a href=\"https:\/\/us02web.zoom.us\/j\/84892600916?pwd=NGF5NGhRRmVWKy9pS2JudFJ2NUFnQT09#success\">https:\/\/us02web.zoom.us\/j\/84892600916?pwd=NGF5NGhRRmVWKy9pS2JudFJ2NUFnQT09#success<\/a><\/p>\n\n\n\n<p style=\"text-align:center\"><strong> ID da reuni\u00e3o: 848 9260 0916<\/strong><br><br><strong>SENHA DE ACESSO: 7ptFeN<\/strong><br><br>Afim de deliberarem sobre a seguinte ordem do dia: a) apresenta\u00e7\u00e3o da proposta feita pela Abril para pagamento das multas no Procedimento junto ao Minist\u00e9rio P\u00fablico do Trabalho; b) Discuss\u00e3o e vota\u00e7\u00e3o sobre&nbsp; proposta c) Concess\u00e3o de poderes para o Sindicato firmar acordo, se for aprovada qualquer proposta. O presente edital ser\u00e1 levado ao conhecimento a todos os empregados.<\/p>\n\n\n\n<div class=\"wp-block-file\"><a href=\"http:\/\/sindadm.com.br\/wp-content\/uploads\/2020\/09\/Ata-de-audi\u00eancia-em-procedimento-2.09.2020.pdf\">Ata de audi\u00eancia em procedimento 2.09.2020<\/a><a href=\"http:\/\/sindadm.com.br\/wp-content\/uploads\/2020\/09\/Ata-de-audi\u00eancia-em-procedimento-2.09.2020.pdf\" class=\"wp-block-file__button\" download>Baixar<\/a><\/div>\n\n\n\n<p>&nbsp;&nbsp; S\u00e3o Paulo, 04 de setembro de 2020.<\/p>\n\n\n\n<p>&nbsp;&nbsp;&nbsp; DOMINGOS FONTAN<\/p>\n\n\n\n<p>&nbsp;&nbsp;&nbsp;&nbsp;&nbsp;&nbsp;&nbsp; &#8211; PRESIDENTE-<\/p>\n","protected":false},"excerpt":{"rendered":"<p>Presados companheiros, Segue em anexo, c\u00f3pia da ata da \u00faltima audi\u00eancia no M.P.T., para o conhecimento de todos e o edital de convoca\u00e7\u00e3o para a [&#8230;]<\/p>\n","protected":false},"author":1,"featured_media":0,"comment_status":"closed","ping_status":"closed","sticky":false,"template":"","format":"standard","meta":{"footnotes":""},"categories":[1],"tags":[],"class_list":["post-314","post","type-post","status-publish","format-standard","hentry","category-uncategorized"],"_links":{"self":[{"href":"http:\/\/sindadm.com.br\/index.php?rest_route=\/wp\/v2\/posts\/314","targetHints":{"allow":["GET"]}}],"collection":[{"href":"http:\/\/sindadm.com.br\/index.php?rest_route=\/wp\/v2\/posts"}],"about":[{"href":"http:\/\/sindadm.com.br\/index.php?rest_route=\/wp\/v2\/types\/post"}],"author":[{"embeddable":true,"href":"http:\/\/sindadm.com.br\/index.php?rest_route=\/wp\/v2\/users\/1"}],"replies":[{"embeddable":true,"href":"http:\/\/sindadm.com.br\/index.php?rest_route=%2Fwp%2Fv2%2Fcomments&post=314"}],"version-history":[{"count":8,"href":"http:\/\/sindadm.com.br\/index.php?rest_route=\/wp\/v2\/posts\/314\/revisions"}],"predecessor-version":[{"id":331,"href":"http:\/\/sindadm.com.br\/index.php?rest_route=\/wp\/v2\/posts\/314\/revisions\/331"}],"wp:attachment":[{"href":"http:\/\/sindadm.com.br\/index.php?rest_route=%2Fwp%2Fv2%2Fmedia&parent=314"}],"wp:term":[{"taxonomy":"category","embeddable":true,"href":"http:\/\/sindadm.com.br\/index.php?rest_route=%2Fwp%2Fv2%2Fcategories&post=314"},{"taxonomy":"post_tag","embeddable":true,"href":"http:\/\/sindadm.com.br\/index.php?rest_route=%2Fwp%2Fv2%2Ftags&post=314"}],"curies":[{"name":"wp","href":"https:\/\/api.w.org\/{rel}","templated":true}]}}