{"id":348,"date":"2021-02-22T11:20:29","date_gmt":"2021-02-22T11:20:29","guid":{"rendered":"http:\/\/sindadm.com.br\/?p=348"},"modified":"2021-03-01T15:57:03","modified_gmt":"2021-03-01T15:57:03","slug":"edital-de-convocacao-campanha-salarial-2020-2021-2","status":"publish","type":"post","link":"http:\/\/sindadm.com.br\/?p=348","title":{"rendered":"Edital de Convoca\u00e7\u00e3o Campanha Salarial 2020\/2021 &#8211; CONTRAPROPOSTA"},"content":{"rendered":"\n<p>E necess\u00e1rio a participa\u00e7\u00e3o da maioria de pessoas poss\u00edvel.<\/p>\n\n\n\n<p>Pelo presente Edital, ficam convocados todos os empregados da parte administrativa das Empresas Propriet\u00e1rias de Jornais e Revistas de S\u00e3o Paulo (capital), associados ou n\u00e3o, que integram a categoria profissional dos trabalhadores representados pelo Sindicato dos Empregados da Administra\u00e7\u00e3o das Empresas Propriet\u00e1rias de Jornais e Revistas de S\u00e3o Paulo, para participarem da Assembl\u00e9ia Geral Ordin\u00e1ria a ser realizada no dia 24 de Fevereiro de 2021 as 10:00 da manh\u00e3 (S\u00e3o Paulo), com qualquer n\u00famero de presentes, atrav\u00e9s do PORTAL ZOOM NO LINK :<\/p>\n\n\n\n<p><a href=\"https:\/\/us02web.zoom.us\/j\/84406723565?pwd=RlhZQUFYelNZSUxsUURYdDRRbWN3QT09\">https:\/\/us02web.zoom.us\/j\/84406723565?pwd=RlhZQUFYelNZSUxsUURYdDRRbWN3QT09<\/a><\/p>\n\n\n\n<p><strong>ID da reuni\u00e3o: 844 0672 3565<br>\nSenha de acesso: RDE685<\/strong><strong><\/strong><\/p>\n\n\n\n<p>A fim de deliberarem sobre a seguinte Ordem do Dia; <strong>a)<\/strong> Apresenta\u00e7\u00e3o da contra proposta sobre o reajuste salarial e demais cl\u00e1usulas da Conven\u00e7\u00e3o Coletiva de Trabalho da categoria, referente ao per\u00edodo de 01 de agosto de 2020 a 31 de julho de 2021; <strong>b)<\/strong> Confirma\u00e7\u00e3o da Outorga poderes \u00e0 Diretoria do Sindicato, afim de instaurar&nbsp; Diss\u00eddio Coletivo, na hip\u00f3tese de n\u00e3o ser poss\u00edvel um acordo com o Sindicato das Empresas Propriet\u00e1rias de Jornais e Revistas do estado de S\u00e3o Paulo; <strong>c)<\/strong> Confirma\u00e7\u00e3o da proposta de Cobran\u00e7a de uma Contribui\u00e7\u00e3o para o Sistema Confederativo, a ser fixada pela Assembl\u00e9ia para fins de custeio das Entidades representativas, nos termos do artigo 8\u00ba, inciso lV, da Constitui\u00e7\u00e3o Federal. Outrossim, todos os integrantes de nossa categoria ter\u00e3o direito a voto.<br> <br> &nbsp;&nbsp;&nbsp; Domingos Fontan<br> Presidente do Sindicato.<\/p>\n\n\n\n<p><\/p>\n\n\n\n<p><a href=\"https:\/\/us02web.zoom.us\/j\/84406723565?pwd=RlhZQUFYelNZSUxsUURYdDRRbWN3QT09\">https:\/\/us02web.zoom.us\/j\/84406723565?pwd=RlhZQUFYelNZSUxsUURYdDRRbWN3QT09<\/a><\/p>\n","protected":false},"excerpt":{"rendered":"<p>E necess\u00e1rio a participa\u00e7\u00e3o da maioria de pessoas poss\u00edvel. Pelo presente Edital, ficam convocados todos os empregados da parte administrativa das Empresas Propriet\u00e1rias de Jornais [&#8230;]<\/p>\n","protected":false},"author":1,"featured_media":0,"comment_status":"closed","ping_status":"closed","sticky":false,"template":"","format":"standard","meta":{"footnotes":""},"categories":[1],"tags":[],"class_list":["post-348","post","type-post","status-publish","format-standard","hentry","category-uncategorized"],"_links":{"self":[{"href":"http:\/\/sindadm.com.br\/index.php?rest_route=\/wp\/v2\/posts\/348","targetHints":{"allow":["GET"]}}],"collection":[{"href":"http:\/\/sindadm.com.br\/index.php?rest_route=\/wp\/v2\/posts"}],"about":[{"href":"http:\/\/sindadm.com.br\/index.php?rest_route=\/wp\/v2\/types\/post"}],"author":[{"embeddable":true,"href":"http:\/\/sindadm.com.br\/index.php?rest_route=\/wp\/v2\/users\/1"}],"replies":[{"embeddable":true,"href":"http:\/\/sindadm.com.br\/index.php?rest_route=%2Fwp%2Fv2%2Fcomments&post=348"}],"version-history":[{"count":4,"href":"http:\/\/sindadm.com.br\/index.php?rest_route=\/wp\/v2\/posts\/348\/revisions"}],"predecessor-version":[{"id":354,"href":"http:\/\/sindadm.com.br\/index.php?rest_route=\/wp\/v2\/posts\/348\/revisions\/354"}],"wp:attachment":[{"href":"http:\/\/sindadm.com.br\/index.php?rest_route=%2Fwp%2Fv2%2Fmedia&parent=348"}],"wp:term":[{"taxonomy":"category","embeddable":true,"href":"http:\/\/sindadm.com.br\/index.php?rest_route=%2Fwp%2Fv2%2Fcategories&post=348"},{"taxonomy":"post_tag","embeddable":true,"href":"http:\/\/sindadm.com.br\/index.php?rest_route=%2Fwp%2Fv2%2Ftags&post=348"}],"curies":[{"name":"wp","href":"https:\/\/api.w.org\/{rel}","templated":true}]}}