{"id":383,"date":"2021-06-21T16:06:23","date_gmt":"2021-06-21T16:06:23","guid":{"rendered":"http:\/\/sindadm.com.br\/?p=383"},"modified":"2021-07-16T20:34:09","modified_gmt":"2021-07-16T20:34:09","slug":"campanha-salarial-2021-2022-capital","status":"publish","type":"post","link":"http:\/\/sindadm.com.br\/?p=383","title":{"rendered":"<strong>CAMPANHA SALARIAL 2021\/2022 &#8211; CAPITAL<\/strong>"},"content":{"rendered":"\n<p><strong>Prezados Companheiros,<\/strong><\/p>\n\n\n\n<p><strong>&nbsp;&nbsp;&nbsp;&nbsp;&nbsp;&nbsp;&nbsp;&nbsp;&nbsp;&nbsp;&nbsp;&nbsp;&nbsp;&nbsp;&nbsp;&nbsp;&nbsp;&nbsp;&nbsp; \u00c9 chegada a hora de nossa luta anual pela corre\u00e7\u00e3o de nossos sal\u00e1rios e benef\u00edcios.<\/strong><\/p>\n\n\n\n<p><strong>&nbsp;&nbsp;&nbsp;&nbsp;&nbsp;&nbsp;&nbsp;&nbsp;&nbsp;&nbsp;&nbsp;&nbsp;&nbsp;&nbsp;&nbsp;&nbsp;&nbsp;&nbsp;&nbsp;&nbsp; No \u00faltimo ano, amargamos uma demora que gerou preju\u00edzo de seis meses no reajuste salarial, em decorr\u00eancia da pandemia do COVID-19.<\/strong><\/p>\n\n\n\n<p><strong>&nbsp;&nbsp;&nbsp;&nbsp;&nbsp;&nbsp;&nbsp;&nbsp;&nbsp;&nbsp;&nbsp;&nbsp;&nbsp;&nbsp;&nbsp;&nbsp;&nbsp;&nbsp;&nbsp;&nbsp;&nbsp; Neste ano, queremos evitar essa perda, e por isto mesmo temos que nos unir e fazermos uma campanha pessoal, corpo a corpo, de nossos companheiros de trabalho, para que possamos obter uma solu\u00e7\u00e3o r\u00e1pida nas negocia\u00e7\u00f5es e assim, n\u00e3o perdermos um m\u00eas sequer de reajuste.<\/strong><\/p>\n\n\n\n<p class=\"has-text-align-center\"><strong>EDITAL DE CONVOCA\u00c7\u00c3O \u2013 Campanha Salarial 2021\/2022.<\/strong><\/p>\n\n\n\n<p class=\"has-text-align-center\">Pelo presente Edital, ficam convocados todos os empregados (associados ou n\u00e3o), que integram a categoria profissional dos trabalhadores representados pelo Sindicato dos Empregados da Administra\u00e7\u00e3o das Empresas Propriet\u00e1rias de Jornais e Revistas de S\u00e3o Paulo, para participarem da Assembl\u00e9ia Geral Ordin\u00e1ria a ser realizada no dia 30\/06\/2021, \u00e1s 10:00(dez) horas, atrav\u00e9s do portal ZOOM, no link; <a rel=\"noreferrer noopener\" href=\"https:\/\/us02web.zoom.us\/j\/86195553412?pwd=U1hpdGJLam8rWkpHSVhYS2t1VzJqdz09\" target=\"_blank\">https:\/\/us02web.zoom.us\/j\/86195553412?pwd=U1hpdGJLam8rWkpHSVhYS2t1VzJqdz09<\/a><br>ID da reuni\u00e3o: <strong>861 9555 3412<\/strong><br>Senha de acesso: <strong>b2pDbH<\/strong><br>Delibera\u00e7\u00e3o Ordem do Dia; a) Leitura, discuss\u00e3o e vota\u00e7\u00e3o sobre propostas para a Conven\u00e7\u00e3o Coletiva de Trabalho referente ao per\u00edodo de 01 de Agosto de 2021 \u00e1 31 de Julho de 2022 b) Discuss\u00e3o e vota\u00e7\u00e3o sobre autoriza\u00e7\u00e3o e forma de cobran\u00e7a de uma Contribui\u00e7\u00e3o Assistencial, a ser fixada pela Assembl\u00e9ia Geral, nos termos do , al\u00ednea \u201ce\u201d 513, da Consolida\u00e7\u00e3o das leis do trabalho e autoriza\u00e7\u00e3o no processo TRT\/SP n\u00ba 0000241-66.2013.5.02.0024; c) Outorga de plenos poderes \u00e0 Diretoria do Sindicato, no sentido de firmar um acordo com o respectivo Sindicato Patronal ou, na impossibilidade de uma composi\u00e7\u00e3o amig\u00e1vel, instaurar Dissidio Coletivo; Al\u00e9m dos associados, todos os demais integrantes da categoria profissional representados por este Sindicato, ter\u00e3o direito a voto, desde que apresentem sua carteira de trabalho atualizada. Outrossim, na hip\u00f3tese de falta de quorum, ser\u00e1 realizada nova Assembl\u00e9ia Geral Ordin\u00e1ria, em segunda convoca\u00e7\u00e3o, uma hora ap\u00f3s, no mesmo dia e local, com qualquer numero de presentes.<\/p>\n\n\n\n<p>&nbsp;&nbsp;&nbsp;&nbsp;&nbsp;&nbsp;&nbsp;&nbsp;&nbsp;&nbsp;&nbsp;&nbsp;&nbsp;&nbsp;&nbsp;&nbsp;&nbsp;&nbsp;&nbsp;&nbsp;&nbsp;&nbsp;&nbsp;&nbsp; &nbsp;&nbsp;&nbsp;&nbsp;&nbsp;&nbsp;&nbsp;&nbsp;&nbsp;&nbsp;&nbsp;&nbsp;&nbsp;&nbsp;&nbsp;&nbsp;&nbsp;&nbsp;&nbsp;&nbsp;&nbsp;&nbsp;&nbsp; &nbsp;Domingos Fontan&#8211; Presidente do Sindicato.<\/p>\n\n\n\n<p><strong>&nbsp;&nbsp;&nbsp;&nbsp;&nbsp;&nbsp;&nbsp;&nbsp;&nbsp;&nbsp;&nbsp;&nbsp;&nbsp;&nbsp;&nbsp;&nbsp;&nbsp;&nbsp;&nbsp;&nbsp;&nbsp;&nbsp;&nbsp; CONTAMOS COM A PRESEN\u00c7A DE TODOS.<\/strong><\/p>\n\n\n\n<p><strong>A DIRETORIA<\/strong><\/p>\n\n\n\n<p><\/p>\n","protected":false},"excerpt":{"rendered":"<p>Prezados Companheiros, &nbsp;&nbsp;&nbsp;&nbsp;&nbsp;&nbsp;&nbsp;&nbsp;&nbsp;&nbsp;&nbsp;&nbsp;&nbsp;&nbsp;&nbsp;&nbsp;&nbsp;&nbsp;&nbsp; \u00c9 chegada a hora de nossa luta anual pela corre\u00e7\u00e3o de nossos sal\u00e1rios e benef\u00edcios. &nbsp;&nbsp;&nbsp;&nbsp;&nbsp;&nbsp;&nbsp;&nbsp;&nbsp;&nbsp;&nbsp;&nbsp;&nbsp;&nbsp;&nbsp;&nbsp;&nbsp;&nbsp;&nbsp;&nbsp; No \u00faltimo ano, amargamos uma demora [&#8230;]<\/p>\n","protected":false},"author":1,"featured_media":0,"comment_status":"closed","ping_status":"closed","sticky":false,"template":"","format":"standard","meta":{"footnotes":""},"categories":[1],"tags":[],"class_list":["post-383","post","type-post","status-publish","format-standard","hentry","category-uncategorized"],"_links":{"self":[{"href":"http:\/\/sindadm.com.br\/index.php?rest_route=\/wp\/v2\/posts\/383","targetHints":{"allow":["GET"]}}],"collection":[{"href":"http:\/\/sindadm.com.br\/index.php?rest_route=\/wp\/v2\/posts"}],"about":[{"href":"http:\/\/sindadm.com.br\/index.php?rest_route=\/wp\/v2\/types\/post"}],"author":[{"embeddable":true,"href":"http:\/\/sindadm.com.br\/index.php?rest_route=\/wp\/v2\/users\/1"}],"replies":[{"embeddable":true,"href":"http:\/\/sindadm.com.br\/index.php?rest_route=%2Fwp%2Fv2%2Fcomments&post=383"}],"version-history":[{"count":6,"href":"http:\/\/sindadm.com.br\/index.php?rest_route=\/wp\/v2\/posts\/383\/revisions"}],"predecessor-version":[{"id":390,"href":"http:\/\/sindadm.com.br\/index.php?rest_route=\/wp\/v2\/posts\/383\/revisions\/390"}],"wp:attachment":[{"href":"http:\/\/sindadm.com.br\/index.php?rest_route=%2Fwp%2Fv2%2Fmedia&parent=383"}],"wp:term":[{"taxonomy":"category","embeddable":true,"href":"http:\/\/sindadm.com.br\/index.php?rest_route=%2Fwp%2Fv2%2Fcategories&post=383"},{"taxonomy":"post_tag","embeddable":true,"href":"http:\/\/sindadm.com.br\/index.php?rest_route=%2Fwp%2Fv2%2Ftags&post=383"}],"curies":[{"name":"wp","href":"https:\/\/api.w.org\/{rel}","templated":true}]}}