{"id":392,"date":"2021-07-02T18:47:25","date_gmt":"2021-07-02T18:47:25","guid":{"rendered":"http:\/\/sindadm.com.br\/?p=392"},"modified":"2021-07-16T20:33:53","modified_gmt":"2021-07-16T20:33:53","slug":"edital-de-convocacao-assembleia-geral-extraordinaria-especifica","status":"publish","type":"post","link":"http:\/\/sindadm.com.br\/?p=392","title":{"rendered":"EDITAL DE CONVOCA\u00c7\u00c3O ASSEMBLEIA GERAL EXTRAORDIN\u00c1RIA ESPECIFICA"},"content":{"rendered":"\n<p>Pelo presente Edital, ficam convocados todos os empregados associados ou n\u00e3o, que foram demitidos e que possuam cr\u00e9ditos junto a <strong>ABRIL S\/A \u2013 EDITOR ABRIL \u2013 ABRIL COMUNICA\u00c7\u00d5ES&nbsp; E<\/strong> <strong>EMPRESAS DO GRUPO ABRIL<\/strong>, que integram a categoria profissional dos trabalhadores representados pelo <strong>Sindicato dos Empregados da Administra\u00e7\u00e3o das Empresas Propriet\u00e1rias de Jornais e Revistas de S\u00e3o Paulo<\/strong>, para participarem da Assembleia Geral Extraordin\u00e1ria Especifica, VIRTUAL, a ser realizada no dia 7 de julho de 2021 (07\/07\/2021 \u2013 quarta-feira), com in\u00edcio \u00e1s 10:00 (dez) horas, com qualquer n\u00famero de presentes, atrav\u00e9s do <strong>PORTAL ZOOM \u2013<br><br>LINK &nbsp;<\/strong><a href=\"https:\/\/us02web.zoom.us\/j\/85084409494?pwd=bWh6NXVkNFNVbkFBUE1kNkxxa3ZTZz09\">https:\/\/us02web.zoom.us\/j\/85084409494?pwd=bWh6NXVkNFNVbkFBUE1kNkxxa3ZTZz09<\/a> <strong><br>ID da reuni\u00e3o: 850 8440 9494<br>Senha de acesso: 3JMKzp<\/strong><br>&nbsp;afim de deliberarem sobre a seguinte ordem do dia: a) Apresenta\u00e7\u00e3o da proposta feita pela Abril para acordo, aos n\u00e3o aderentes ao Plano de Acelera\u00e7\u00e3o, na A\u00e7\u00e3o Civil P\u00fablica em tramite no TRT\/SP. Promovida pelo Minist\u00e9rio P\u00fablico do Trabalho, em grau de recurso. b) Discuss\u00e3o e vota\u00e7\u00e3o sobre&nbsp; proposta c) Concess\u00e3o de poderes para o Sindicato firmar acordo, se for aprovada qualquer proposta. O presente edital ser\u00e1 levado ao conhecimento a todos os empregados interessados e n\u00e3o aderentes ao plano de acelera\u00e7\u00e3o.<\/p>\n\n\n\n<p>&nbsp;&nbsp; S\u00e3o Paulo,02 de julho de 2021.<\/p>\n\n\n\n<p>&nbsp;&nbsp;&nbsp; DOMINGOS FONTAN<\/p>\n\n\n\n<p>&nbsp;&nbsp;&nbsp;&nbsp;&nbsp;&nbsp;&nbsp; &#8211; PRESIDENTE-<\/p>\n","protected":false},"excerpt":{"rendered":"<p>Pelo presente Edital, ficam convocados todos os empregados associados ou n\u00e3o, que foram demitidos e que possuam cr\u00e9ditos junto a ABRIL S\/A \u2013 EDITOR ABRIL [&#8230;]<\/p>\n","protected":false},"author":1,"featured_media":0,"comment_status":"closed","ping_status":"closed","sticky":false,"template":"","format":"standard","meta":{"footnotes":""},"categories":[1],"tags":[],"class_list":["post-392","post","type-post","status-publish","format-standard","hentry","category-uncategorized"],"_links":{"self":[{"href":"http:\/\/sindadm.com.br\/index.php?rest_route=\/wp\/v2\/posts\/392","targetHints":{"allow":["GET"]}}],"collection":[{"href":"http:\/\/sindadm.com.br\/index.php?rest_route=\/wp\/v2\/posts"}],"about":[{"href":"http:\/\/sindadm.com.br\/index.php?rest_route=\/wp\/v2\/types\/post"}],"author":[{"embeddable":true,"href":"http:\/\/sindadm.com.br\/index.php?rest_route=\/wp\/v2\/users\/1"}],"replies":[{"embeddable":true,"href":"http:\/\/sindadm.com.br\/index.php?rest_route=%2Fwp%2Fv2%2Fcomments&post=392"}],"version-history":[{"count":1,"href":"http:\/\/sindadm.com.br\/index.php?rest_route=\/wp\/v2\/posts\/392\/revisions"}],"predecessor-version":[{"id":393,"href":"http:\/\/sindadm.com.br\/index.php?rest_route=\/wp\/v2\/posts\/392\/revisions\/393"}],"wp:attachment":[{"href":"http:\/\/sindadm.com.br\/index.php?rest_route=%2Fwp%2Fv2%2Fmedia&parent=392"}],"wp:term":[{"taxonomy":"category","embeddable":true,"href":"http:\/\/sindadm.com.br\/index.php?rest_route=%2Fwp%2Fv2%2Fcategories&post=392"},{"taxonomy":"post_tag","embeddable":true,"href":"http:\/\/sindadm.com.br\/index.php?rest_route=%2Fwp%2Fv2%2Ftags&post=392"}],"curies":[{"name":"wp","href":"https:\/\/api.w.org\/{rel}","templated":true}]}}