{"id":403,"date":"2021-08-16T19:37:16","date_gmt":"2021-08-16T19:37:16","guid":{"rendered":"http:\/\/sindadm.com.br\/?p=403"},"modified":"2021-08-27T14:51:42","modified_gmt":"2021-08-27T14:51:42","slug":"edital-de-convocacao-assembleia-geral-extraordinaria-cct-2021-2022","status":"publish","type":"post","link":"http:\/\/sindadm.com.br\/?p=403","title":{"rendered":"EDITAL DE CONVOCA\u00c7\u00c3O &#8211; Assembleia Geral Extraordin\u00e1ria dia 18\/08\/2021 &#8211; CCT 2021\/2022 CAPITAL"},"content":{"rendered":"\n<p>Conforme decidido na assembleia do dia 22\/07\/2021, ficam convocados todos os empregados administrativos das Empresas Propriet\u00e1rias e Jornais e Revistas de S\u00e3o Paulo, representadas pelo SINDICATO DOS EMPREGADOS DA ADMINISTRA\u00c7\u00c3O DAS EMPRESAS PROPRIET\u00c1RIAS DE JORNAIS E REVISTAS DE S\u00c3O PAULO \u2013 CAPITAL, para participarem da Assembleia Geral Extraordin\u00e1ria, em continua\u00e7\u00e3o, para discutir as cl\u00e1usulas da CCT 2021\/2022, que acontecer\u00e1 no dia 18\/08\/2021 \u00e0s 10:00 horas no portal MEET,&nbsp; Link da v\u00eddeo chamada: <a href=\"https:\/\/meet.google.com\/rgq-ceoj-hiw\">https:\/\/meet.google.com\/rgq-ceoj-hiw<\/a><\/p>\n\n\n\n<p>\u00c9 muito importante a sua participa\u00e7\u00e3o, nesta assembleia discutiremos os reajustes e demais clausulas da conven\u00e7\u00e3o. Entendemos ser necess\u00e1rio avaliarmos e decidir o quanto antes para n\u00e3o repetirmos o que ocorreu na \u00faltima conven\u00e7\u00e3o, quando perdemos sete meses de reajuste.<\/p>\n\n\n\n<p>Contamos com sua presen\u00e7a.<\/p>\n\n\n\n<p>&nbsp;&nbsp;&nbsp;&nbsp;&nbsp;&nbsp;&nbsp;&nbsp;&nbsp;&nbsp; &nbsp;&nbsp;&nbsp;&nbsp;&nbsp;&nbsp;&nbsp;&nbsp;&nbsp;&nbsp;&nbsp;&nbsp;&nbsp;&nbsp;&nbsp;&nbsp;&nbsp;&nbsp;&nbsp;&nbsp;&nbsp;&nbsp;&nbsp;&nbsp;&nbsp;&nbsp;A DIRETORIA<\/p>\n\n\n\n<p><br><br><br>ASSEMBLEIA CAMPANHA SALARIA CAPITAL 2021\/2022<\/p>\n\n\n\n<p><br>Quarta-feira, 18 de agosto \u00b7 10:00am at\u00e9 12:00pm<\/p>\n\n\n\n<p>Informa\u00e7\u00f5es de participa\u00e7\u00e3o do Google Meet<\/p>\n\n\n\n<p><br>Link da v\u00eddeo chamada: <a href=\"https:\/\/meet.google.com\/rgq-ceoj-hiw\">https:\/\/meet.google.com\/rgq-ceoj-hiw<\/a><\/p>\n","protected":false},"excerpt":{"rendered":"<p>Conforme decidido na assembleia do dia 22\/07\/2021, ficam convocados todos os empregados administrativos das Empresas Propriet\u00e1rias e Jornais e Revistas de S\u00e3o Paulo, representadas pelo [&#8230;]<\/p>\n","protected":false},"author":1,"featured_media":0,"comment_status":"closed","ping_status":"closed","sticky":false,"template":"","format":"standard","meta":{"footnotes":""},"categories":[1],"tags":[],"class_list":["post-403","post","type-post","status-publish","format-standard","hentry","category-uncategorized"],"_links":{"self":[{"href":"http:\/\/sindadm.com.br\/index.php?rest_route=\/wp\/v2\/posts\/403","targetHints":{"allow":["GET"]}}],"collection":[{"href":"http:\/\/sindadm.com.br\/index.php?rest_route=\/wp\/v2\/posts"}],"about":[{"href":"http:\/\/sindadm.com.br\/index.php?rest_route=\/wp\/v2\/types\/post"}],"author":[{"embeddable":true,"href":"http:\/\/sindadm.com.br\/index.php?rest_route=\/wp\/v2\/users\/1"}],"replies":[{"embeddable":true,"href":"http:\/\/sindadm.com.br\/index.php?rest_route=%2Fwp%2Fv2%2Fcomments&post=403"}],"version-history":[{"count":2,"href":"http:\/\/sindadm.com.br\/index.php?rest_route=\/wp\/v2\/posts\/403\/revisions"}],"predecessor-version":[{"id":405,"href":"http:\/\/sindadm.com.br\/index.php?rest_route=\/wp\/v2\/posts\/403\/revisions\/405"}],"wp:attachment":[{"href":"http:\/\/sindadm.com.br\/index.php?rest_route=%2Fwp%2Fv2%2Fmedia&parent=403"}],"wp:term":[{"taxonomy":"category","embeddable":true,"href":"http:\/\/sindadm.com.br\/index.php?rest_route=%2Fwp%2Fv2%2Fcategories&post=403"},{"taxonomy":"post_tag","embeddable":true,"href":"http:\/\/sindadm.com.br\/index.php?rest_route=%2Fwp%2Fv2%2Ftags&post=403"}],"curies":[{"name":"wp","href":"https:\/\/api.w.org\/{rel}","templated":true}]}}