{"id":507,"date":"2023-09-14T10:56:58","date_gmt":"2023-09-14T10:56:58","guid":{"rendered":"http:\/\/sindadm.com.br\/?p=507"},"modified":"2023-10-23T13:22:52","modified_gmt":"2023-10-23T13:22:52","slug":"campanha-salarial-23-24-capital","status":"publish","type":"post","link":"http:\/\/sindadm.com.br\/?p=507","title":{"rendered":"CAMPANHA SALARIAL 23\/24 &#8211; CAPITAL"},"content":{"rendered":"\n<p>Ap\u00f3s v\u00e1rias tratativas de negocia\u00e7\u00e3o, o Sindicato do Empregados Administrativos de Jornais e Revistas de S\u00e3o Paulo, conseguiu firmar uma Conven\u00e7\u00e3o Coletiva de trabalho, com conquistas que significam um avan\u00e7o nas cl\u00e1usulas convencionais e que, com certeza, abrir\u00e3o portas para que nas pr\u00f3ximas negocia\u00e7\u00f5es possamos alcan\u00e7ar maiores e melhores benef\u00edcios para a categoria.<\/p>\n\n\n\n<p>E como \u00e9 do conhecimento de todos, nossa diretoria est\u00e1 renovada, tendo assumido a Presid\u00eancia ESNY APARECIDO LEDESMA, que trabalhou por longos anos no Estad\u00e3o e que com muita compet\u00eancia dirigiu as negocia\u00e7\u00f5es, pois conhece muito bem as dificuldades e os anseios da categoria.<\/p>\n\n\n\n<p><strong>Nossas conquistas:<\/strong><\/p>\n\n\n\n<p>Reajuste salarial a partir de 01\/09\/2023:<\/p>\n\n\n\n<p><strong>Para sal\u00e1rios at\u00e9 R$ 6.420,00 (seis mil quatrocentos e vinte reais) reajuste de 3,53% (tr\u00eas virgula cinquenta e tr\u00eas por cento)&nbsp;<\/strong><\/p>\n\n\n\n<p><strong>Para sal\u00e1rios superiores a R$ 6.420,00 (seis mil quatrocentos e vinte reais):&nbsp;<\/strong><\/p>\n\n\n\n<p><strong>a) <\/strong><strong>Para a parcela do sal\u00e1rio at\u00e9 R$ 6.420,00 (seis mil quatrocentos e vinte reais) reajuste fixo&nbsp;de R$ 226,62 (duzentos e vinte e seis reais e sessenta e dois centavos);<br><\/strong><br><strong>b) Para a parcela do sal\u00e1rio que ultrapassar R$ 6.420,00 (seis mil quatrocentos e vinte reais) aplica-se o reajuste de 2,70% (dois virgula setenta por cento).<\/strong><\/p>\n\n\n\n<p><strong>Piso Salarial:&nbsp;&nbsp;&nbsp;&nbsp;&nbsp;&nbsp;&nbsp;&nbsp;&nbsp;&nbsp;&nbsp;&nbsp;&nbsp;&nbsp;&nbsp; R$ 1.456,01<\/strong><\/p>\n\n\n\n<p><strong>PLR:&nbsp;&nbsp;&nbsp;&nbsp;&nbsp;&nbsp;&nbsp;&nbsp;&nbsp;&nbsp;&nbsp;&nbsp;&nbsp;&nbsp;&nbsp;&nbsp;&nbsp;&nbsp;&nbsp;&nbsp;&nbsp;&nbsp;&nbsp;&nbsp;&nbsp;&nbsp;&nbsp;&nbsp; R$ 830,00<\/strong><\/p>\n\n\n\n<p><strong>Aux\u00edlio Creche :&nbsp;&nbsp;&nbsp;&nbsp;&nbsp;&nbsp;&nbsp;&nbsp;&nbsp;&nbsp;&nbsp; R$ 580,00<\/strong><\/p>\n\n\n\n<p><strong>A diferen\u00e7a salaria do m\u00eas de agosto, ser\u00e1 paga da seguinte forma:<\/strong><\/p>\n\n\n\n<p>Para sal\u00e1rios <strong>at\u00e9 R$ 6.420,00 (seis mil quatrocentos e vinte reais) abono correspondente&nbsp;a 3,53% (tr\u00eas virgula cinquenta e tr\u00eas por cento), sobre o sal\u00e1rio de 01\/08\/23;&nbsp;<\/strong><\/p>\n\n\n\n<p>Para sal\u00e1rios <strong>superiores a R$ 6.420,00 (seis mil quatrocentos e vinte reais):&nbsp;<\/strong><\/p>\n\n\n\n<p><strong>Para a parcela do sal\u00e1rio at\u00e9 R$ 6.420,00 (seis mil quatrocentos e vinte reais) reajuste fixo de R$ 226,62 (duzentos e vinte e seis reais e sessenta e dois centavos), acrescido de 2,70% (dois virgula setenta por centos) sobre a parcela do sal\u00e1rio que exceder a R$ 6.420,00 (seis mil&nbsp;quatrocentos e vinte reais), sobre o sal\u00e1rio de 01\/08\/23.<\/strong><\/p>\n\n\n\n<p><strong>Conseguimos ainda inserir um par\u00e1grafo especial no clausula do aux\u00edlio creche:<\/strong><\/p>\n\n\n\n<h2 class=\"has-normal-font-size wp-block-heading\"><strong>Par\u00e1grafo 2\u00ba &#8211; Far\u00e3o jus ao aux\u00edlio-creche previsto no Par\u00e1grafo 1\u00ba. as empregadas mulheres ou os empregados homens indistintamente de sua identidade de g\u00eanero, desde que, convivendo em uni\u00e3o homoafetiva, detenha a guarda judicial ou tenha reconhecida legalmente a paternidade dos filhos, ficando limitada a concess\u00e3o a um benef\u00edcio por crian\u00e7a na mesma empresa.&nbsp;<br><br><\/strong>Ainda conseguimos a Manuten\u00e7\u00e3o de clausulas como:<\/h2>\n\n\n\n<h2 class=\"has-normal-font-size wp-block-heading\"><strong>ESTABILIDADE AO EMPREGADO NO RETORNO DE F\u00c9RIAS<br>ESTABILIDADE DA GESTANTE<br>GARANTIA AO EMPREGADO EM VIAS DE APOSENTADORIA<br>FLEXIBILIZA\u00c7\u00c3O DE JORNADA E BANCO DE HORAS entre outras&#8230;<\/strong><\/h2>\n\n\n\n<h2 class=\"has-normal-font-size wp-block-heading\"><strong>&nbsp;A DIRETORIA<br><\/strong><\/h2>\n\n\n\n<div data-wp-interactive=\"core\/file\" class=\"wp-block-file\"><object data-wp-bind--hidden=\"!state.hasPdfPreview\" hidden class=\"wp-block-file__embed\" data=\"http:\/\/sindadm.com.br\/wp-content\/uploads\/2023\/09\/Convcap_2023-2024.pdf\" type=\"application\/pdf\" style=\"width:100%;height:600px\" aria-label=\"Incorporado de Incorporado de Convcap_2023-2024..\"><\/object><a href=\"http:\/\/sindadm.com.br\/wp-content\/uploads\/2023\/09\/Convcap_2023-2024.pdf\">Convcap_2023-2024<\/a><a href=\"http:\/\/sindadm.com.br\/wp-content\/uploads\/2023\/09\/Convcap_2023-2024.pdf\" class=\"wp-block-file__button\" download>Baixar<\/a><\/div>\n","protected":false},"excerpt":{"rendered":"<p>Ap\u00f3s v\u00e1rias tratativas de negocia\u00e7\u00e3o, o Sindicato do Empregados Administrativos de Jornais e Revistas de S\u00e3o Paulo, conseguiu firmar uma Conven\u00e7\u00e3o Coletiva de trabalho, com [&#8230;]<\/p>\n","protected":false},"author":1,"featured_media":0,"comment_status":"closed","ping_status":"closed","sticky":false,"template":"","format":"standard","meta":{"footnotes":""},"categories":[1],"tags":[],"class_list":["post-507","post","type-post","status-publish","format-standard","hentry","category-uncategorized"],"_links":{"self":[{"href":"http:\/\/sindadm.com.br\/index.php?rest_route=\/wp\/v2\/posts\/507","targetHints":{"allow":["GET"]}}],"collection":[{"href":"http:\/\/sindadm.com.br\/index.php?rest_route=\/wp\/v2\/posts"}],"about":[{"href":"http:\/\/sindadm.com.br\/index.php?rest_route=\/wp\/v2\/types\/post"}],"author":[{"embeddable":true,"href":"http:\/\/sindadm.com.br\/index.php?rest_route=\/wp\/v2\/users\/1"}],"replies":[{"embeddable":true,"href":"http:\/\/sindadm.com.br\/index.php?rest_route=%2Fwp%2Fv2%2Fcomments&post=507"}],"version-history":[{"count":3,"href":"http:\/\/sindadm.com.br\/index.php?rest_route=\/wp\/v2\/posts\/507\/revisions"}],"predecessor-version":[{"id":520,"href":"http:\/\/sindadm.com.br\/index.php?rest_route=\/wp\/v2\/posts\/507\/revisions\/520"}],"wp:attachment":[{"href":"http:\/\/sindadm.com.br\/index.php?rest_route=%2Fwp%2Fv2%2Fmedia&parent=507"}],"wp:term":[{"taxonomy":"category","embeddable":true,"href":"http:\/\/sindadm.com.br\/index.php?rest_route=%2Fwp%2Fv2%2Fcategories&post=507"},{"taxonomy":"post_tag","embeddable":true,"href":"http:\/\/sindadm.com.br\/index.php?rest_route=%2Fwp%2Fv2%2Ftags&post=507"}],"curies":[{"name":"wp","href":"https:\/\/api.w.org\/{rel}","templated":true}]}}