{"id":517,"date":"2023-10-23T13:22:11","date_gmt":"2023-10-23T13:22:11","guid":{"rendered":"http:\/\/sindadm.com.br\/?p=517"},"modified":"2024-01-15T11:58:55","modified_gmt":"2024-01-15T11:58:55","slug":"edital-de-convocacao-campanha-salarial-2023-2024-interior","status":"publish","type":"post","link":"http:\/\/sindadm.com.br\/?p=517","title":{"rendered":"Edital de Convoca\u00e7\u00e3o Campanha Salarial 2023\/2024 \u2013 INTERIOR"},"content":{"rendered":"\n<p class=\"has-text-align-center\">Pelo presente Edital, ficam convocados todos os empregados da parte administrativa das empresas propriet\u00e1rias de jornais e revistas de S\u00e3o Paulo e das empresas editoras de jornais e revistas do interior do Estado de S\u00e3o Paulo (associados ou n\u00e3o), que integram a categoria profissional dos trabalhadores representados pelo Sindicato dos Empregados da Administra\u00e7\u00e3o das Empresas Propriet\u00e1rias de Jornais e Revistas de S\u00e3o Paulo, para participarem da Assembleia Geral Ordin\u00e1ria a ser realizada no dia 25 de Outubro de 2023 \u00e1s 17:00 hs., no PORTAL GOOGLE MEET no LINK: <a href=\"https:\/\/meet.google.com\/rzw-fswb-jns\">https:\/\/meet.google.com\/rzw-fswb-jns<\/a> a fim de deliberarem sobre a seguinte Ordem do Dia; a) Apresenta\u00e7\u00e3o de propostas para o reajuste salarial e demais cl\u00e1usulas da Conven\u00e7\u00e3o Coletiva de Trabalho da categoria, relativamente aos trabalhadores do interior do Estado de S\u00e3o Paulo, referente ao per\u00edodo de 01 de novembro de 2023 a 31 de outubro de 2024; b) Discuss\u00e3o e vota\u00e7\u00e3o sobre autoriza\u00e7\u00e3o e forma de cobran\u00e7a de uma Contribui\u00e7\u00e3o Negocial\/assistencial a ser fixada pela Assembl\u00e9ia Geral, nos termos do , al\u00ednea \u201ce\u201d 513, da Consolida\u00e7\u00e3o das leis do trabalho e autoriza\u00e7\u00e3o no processo TRT\/SP n\u00ba 0000241-66.2013.5.02.0024; c) Outorga de plenos poderes \u00e0 Diretoria do Sindicato, no sentido de firmar um acordo com o respectivo Sindicato Patronal ou, na impossibilidade de uma composi\u00e7\u00e3o amig\u00e1vel, instaurar Dissidio Coletivo; &nbsp;Outrossim, todos os integrantes de nossa categoria ter\u00e3o direito a voto. N\u00e3o havendo, na hora acima indicada, numero legal para a instaura\u00e7\u00e3o dos trabalhos, em 1\u00aa convoca\u00e7\u00e3o, a Assembleia ser\u00e1 realizada meia hora ap\u00f3s, no mesmo local e data em 2\u00aa convoca\u00e7\u00e3o, com qualquer numero de presentes. S\u00e3o Paulo, 23 de Outubro de 2023. Esny Aparecido Ledesma \u2013 Presidente do Sindicato.&nbsp;&nbsp;&nbsp;&nbsp;<\/p>\n","protected":false},"excerpt":{"rendered":"<p>Pelo presente Edital, ficam convocados todos os empregados da parte administrativa das empresas propriet\u00e1rias de jornais e revistas de S\u00e3o Paulo e das empresas editoras [&#8230;]<\/p>\n","protected":false},"author":1,"featured_media":0,"comment_status":"closed","ping_status":"closed","sticky":false,"template":"","format":"standard","meta":{"footnotes":""},"categories":[1],"tags":[],"class_list":["post-517","post","type-post","status-publish","format-standard","hentry","category-uncategorized"],"_links":{"self":[{"href":"http:\/\/sindadm.com.br\/index.php?rest_route=\/wp\/v2\/posts\/517","targetHints":{"allow":["GET"]}}],"collection":[{"href":"http:\/\/sindadm.com.br\/index.php?rest_route=\/wp\/v2\/posts"}],"about":[{"href":"http:\/\/sindadm.com.br\/index.php?rest_route=\/wp\/v2\/types\/post"}],"author":[{"embeddable":true,"href":"http:\/\/sindadm.com.br\/index.php?rest_route=\/wp\/v2\/users\/1"}],"replies":[{"embeddable":true,"href":"http:\/\/sindadm.com.br\/index.php?rest_route=%2Fwp%2Fv2%2Fcomments&post=517"}],"version-history":[{"count":2,"href":"http:\/\/sindadm.com.br\/index.php?rest_route=\/wp\/v2\/posts\/517\/revisions"}],"predecessor-version":[{"id":519,"href":"http:\/\/sindadm.com.br\/index.php?rest_route=\/wp\/v2\/posts\/517\/revisions\/519"}],"wp:attachment":[{"href":"http:\/\/sindadm.com.br\/index.php?rest_route=%2Fwp%2Fv2%2Fmedia&parent=517"}],"wp:term":[{"taxonomy":"category","embeddable":true,"href":"http:\/\/sindadm.com.br\/index.php?rest_route=%2Fwp%2Fv2%2Fcategories&post=517"},{"taxonomy":"post_tag","embeddable":true,"href":"http:\/\/sindadm.com.br\/index.php?rest_route=%2Fwp%2Fv2%2Ftags&post=517"}],"curies":[{"name":"wp","href":"https:\/\/api.w.org\/{rel}","templated":true}]}}