{"id":663,"date":"2024-12-11T19:57:33","date_gmt":"2024-12-11T19:57:33","guid":{"rendered":"http:\/\/sindadm.com.br\/?p=663"},"modified":"2024-12-11T19:58:09","modified_gmt":"2024-12-11T19:58:09","slug":"edital-de-convocacao-campanha-salarial-2024-2025-interior","status":"publish","type":"post","link":"http:\/\/sindadm.com.br\/?p=663","title":{"rendered":"Edital de Convoca\u00e7\u00e3o Campanha Salarial 2024\/2025 \u2013 INTERIOR"},"content":{"rendered":"\n<p class=\"has-text-align-center\">Pelo presente Edital, ficam convocados todos os empregados da parte administrativa das Empresas Propriet\u00e1rias de Jornais e Revistas de S\u00e3o Paulo, associados ou n\u00e3o, que integram a categoria profissional dos trabalhadores do Interior do Estado, representados pelo Sindicato dos Empregados da Administra\u00e7\u00e3o das Empresas Propriet\u00e1rias de Jornais e Revistas de S\u00e3o Paulo, para participarem da Assembleia Geral Ordin\u00e1ria a ser realizada no dia 13\/12\/2024( treze de dezembro de dois mil e vinte e quatro), com in\u00edcio \u00e1s 10:00 (dez) horas em primeira convoca\u00e7\u00e3o e \u00e0s 10:30 (dez e trinta) horas com qualquer n\u00famero de presentes, atrav\u00e9s do PORTAL Google Meet LINK <strong>\u00a0<\/strong><a href=\"https:\/\/us02web.zoom.us\/j\/84892600916?pwd=NGF5NGhRRmVWKy9pS2JudFJ2NUFnQT09\"><\/a> <a href=\"https:\/\/meet.google.com\/fiv-hpvi-gst\">https:\/\/meet.google.com\/fiv-hpvi-gst<\/a> <strong>,<\/strong> a fim de deliberarem sobre a seguinte Ordem do Dia; a) Apresenta\u00e7\u00e3o e discuss\u00e3o sobre a contraproposta patronal para a Conven\u00e7\u00e3o Coletiva de Trabalho da categoria, referente ao per\u00edodo de 01 de novembro de 2024 a 31 de outubro de 2025. Outrossim, todos os integrantes de nossa categoria ter\u00e3o direito a voto.\u00a0 S\u00e3o Paulo, 11 de dezembro de 2024.<br>Esny Aparecido Ledesma \u2013 Presidente do Sindicato.\u00a0\u00a0\u00a0\u00a0 \u00a0<\/p>\n","protected":false},"excerpt":{"rendered":"<p>Pelo presente Edital, ficam convocados todos os empregados da parte administrativa das Empresas Propriet\u00e1rias de Jornais e Revistas de S\u00e3o Paulo, associados ou n\u00e3o, que [&#8230;]<\/p>\n","protected":false},"author":1,"featured_media":0,"comment_status":"closed","ping_status":"closed","sticky":false,"template":"","format":"standard","meta":{"footnotes":""},"categories":[1],"tags":[],"class_list":["post-663","post","type-post","status-publish","format-standard","hentry","category-uncategorized"],"_links":{"self":[{"href":"http:\/\/sindadm.com.br\/index.php?rest_route=\/wp\/v2\/posts\/663","targetHints":{"allow":["GET"]}}],"collection":[{"href":"http:\/\/sindadm.com.br\/index.php?rest_route=\/wp\/v2\/posts"}],"about":[{"href":"http:\/\/sindadm.com.br\/index.php?rest_route=\/wp\/v2\/types\/post"}],"author":[{"embeddable":true,"href":"http:\/\/sindadm.com.br\/index.php?rest_route=\/wp\/v2\/users\/1"}],"replies":[{"embeddable":true,"href":"http:\/\/sindadm.com.br\/index.php?rest_route=%2Fwp%2Fv2%2Fcomments&post=663"}],"version-history":[{"count":1,"href":"http:\/\/sindadm.com.br\/index.php?rest_route=\/wp\/v2\/posts\/663\/revisions"}],"predecessor-version":[{"id":664,"href":"http:\/\/sindadm.com.br\/index.php?rest_route=\/wp\/v2\/posts\/663\/revisions\/664"}],"wp:attachment":[{"href":"http:\/\/sindadm.com.br\/index.php?rest_route=%2Fwp%2Fv2%2Fmedia&parent=663"}],"wp:term":[{"taxonomy":"category","embeddable":true,"href":"http:\/\/sindadm.com.br\/index.php?rest_route=%2Fwp%2Fv2%2Fcategories&post=663"},{"taxonomy":"post_tag","embeddable":true,"href":"http:\/\/sindadm.com.br\/index.php?rest_route=%2Fwp%2Fv2%2Ftags&post=663"}],"curies":[{"name":"wp","href":"https:\/\/api.w.org\/{rel}","templated":true}]}}